{"id":6172,"date":"2021-04-21T10:05:16","date_gmt":"2021-04-21T10:05:16","guid":{"rendered":"http:\/\/socored.es\/aprofita-el-fred-exterior-per-refrigerar-el-teu-cpd\/"},"modified":"2021-04-21T10:05:16","modified_gmt":"2021-04-21T10:05:16","slug":"aprofita-el-fred-exterior-per-refrigerar-el-teu-cpd","status":"publish","type":"post","link":"https:\/\/socored.es\/ca\/aprofita-el-fred-exterior-per-refrigerar-el-teu-cpd\/","title":{"rendered":"Aprofita el fred exterior per refrigerar el teu CPD"},"content":{"rendered":"<p>La\u00a0<strong><a href=\"https:\/\/www.socored.es\/ca\/refrigeracio-data-center\/\">climatitzaci\u00f3 redundant en el CPD<\/a><\/strong>\u00a0rack \u00e9s molt important per reduir el consum energ\u00e8tic de la instal\u00b7laci\u00f3. Aix\u00f2 \u00e9s a causa de l&#8217;escalfament cada vegada m\u00e9s gran dels rack dels CPD en un espai cada vegada m\u00e9s redu\u00eft.<\/p>\n<h3>Refrigeraci\u00f3 mitjan\u00e7ant aire extern<\/h3>\n<p><strong><em>L&#8217;aire extern o free cooling <\/em><\/strong>pot ser un aliat en la refrigeraci\u00f3 de l&#8217;rack. Depenent de l&#8217;clima extern de el lloc en qu\u00e8 es trobi el centre de dades, ser\u00e0 l&#8217;\u00fas de corrents externes o de ventiladors per reduir la calidesa dels equips.<\/p>\n<p>\u00c9s una realitat que la refrigeraci\u00f3 ser\u00e0 menor que amb els aires condicionats, per\u00f2 suficient per reduir la temperatura dels equips, cada vegada\u00a0<strong>m\u00e9s habituats a suportar temperatures m\u00e9s c\u00e0lides<\/strong>i estalviar energia el\u00e8ctrica.<\/p>\n<p>La<strong><a href=\"https:\/\/www.socored.es\/ca\/refrigeracio-data-center\/\">climatitzaci\u00f3 redundant en el CPD rack<\/a><\/strong>\u00a0\u00e9s vital per a un \u00f2ptim funcionament de centre de dades. Refrigerar de manera natural ens ajudar\u00e0 a estalviar costos importants.<\/p>\n","protected":false},"excerpt":{"rendered":"<p>La\u00a0climatitzaci\u00f3 redundant en el CPD\u00a0rack \u00e9s molt important per reduir el consum energ\u00e8tic de la instal\u00b7laci\u00f3. Aix\u00f2 \u00e9s a causa de l&#8217;escalfament cada vegada m\u00e9s gran dels&#8230;<\/p>\n","protected":false},"author":1,"featured_media":6156,"comment_status":"closed","ping_status":"closed","sticky":false,"template":"","format":"standard","meta":[],"categories":[109,85],"tags":[],"_links":{"self":[{"href":"https:\/\/socored.es\/ca\/wp-json\/wp\/v2\/posts\/6172"}],"collection":[{"href":"https:\/\/socored.es\/ca\/wp-json\/wp\/v2\/posts"}],"about":[{"href":"https:\/\/socored.es\/ca\/wp-json\/wp\/v2\/types\/post"}],"author":[{"embeddable":true,"href":"https:\/\/socored.es\/ca\/wp-json\/wp\/v2\/users\/1"}],"replies":[{"embeddable":true,"href":"https:\/\/socored.es\/ca\/wp-json\/wp\/v2\/comments?post=6172"}],"version-history":[{"count":0,"href":"https:\/\/socored.es\/ca\/wp-json\/wp\/v2\/posts\/6172\/revisions"}],"wp:featuredmedia":[{"embeddable":true,"href":"https:\/\/socored.es\/ca\/wp-json\/wp\/v2\/media\/6156"}],"wp:attachment":[{"href":"https:\/\/socored.es\/ca\/wp-json\/wp\/v2\/media?parent=6172"}],"wp:term":[{"taxonomy":"category","embeddable":true,"href":"https:\/\/socored.es\/ca\/wp-json\/wp\/v2\/categories?post=6172"},{"taxonomy":"post_tag","embeddable":true,"href":"https:\/\/socored.es\/ca\/wp-json\/wp\/v2\/tags?post=6172"}],"curies":[{"name":"wp","href":"https:\/\/api.w.org\/{rel}","templated":true}]}}